{"id":173,"date":"2012-11-01T12:37:14","date_gmt":"2012-11-01T10:37:14","guid":{"rendered":"http:\/\/www.frankenstrasse.net\/?p=173"},"modified":"2012-11-01T12:37:14","modified_gmt":"2012-11-01T10:37:14","slug":"umgebungslarm-frankenstrase","status":"publish","type":"post","link":"http:\/\/www.frankenstrasse.net\/?p=173","title":{"rendered":"Umgebungsl\u00e4rm Frankenstra\u00dfe"},"content":{"rendered":"<p>Nach einer EU Richtline sind die Kommunen in Rhein-Berg verpflichtet, bis zum 18. Juli 2013 einen L\u00e4rmaktionsplan aufzustellen.<\/p>\n<p>Hierbei geht es um Umgebungsl\u00e4rm, hervorgerufen durch starken Autoverkehr. Die Kommunen sind dazu verpflichtet wirksame L\u00e4rmschutzma\u00dfnahmen zu erarbeiten. Da die Frankenstra\u00dfe ja an die vielbefahrene Frankenforster Stra\u00dfe grenzt, ist sie auch von diesen L\u00e4rmschutzma\u00dfnahmen betroffen. <a href=\"http:\/\/www.frankenstrasse.net\/wp-content\/uploads\/2012\/11\/Laermpegel-Frankenstrasse.jpg\"><img loading=\"lazy\" decoding=\"async\" class=\"aligncenter size-medium wp-image-177\" title=\"Laermpegel-Frankenstrasse\" src=\"http:\/\/www.frankenstrasse.net\/wp-content\/uploads\/2012\/11\/Laermpegel-Frankenstrasse-300x214.jpg\" alt=\"\" width=\"300\" height=\"214\" srcset=\"http:\/\/www.frankenstrasse.net\/wp-content\/uploads\/2012\/11\/Laermpegel-Frankenstrasse-300x214.jpg 300w, http:\/\/www.frankenstrasse.net\/wp-content\/uploads\/2012\/11\/Laermpegel-Frankenstrasse.jpg 614w\" sizes=\"(max-width: 300px) 100vw, 300px\" \/><\/a><\/p>\n<p>Quelle: <a href=\"http:\/\/www.umgebungslaerm-kartierung.nrw.de\/\" target=\"_blank\">Umgebungsl\u00e4rm Kartierung NRW<\/a><\/p>\n<p>Dazu hier noch ein <a href=\"http:\/\/www.ksta.de\/aus-dem-kreis\/verkehr-rhein-berg-muss-leise-toene-anschlagen,16363472,20749908.html\" target=\"_blank\">interessanter Artikel vom K\u00f6lner Stadtanzeiger<\/a>.<\/p>\n<p>&nbsp;<\/p>\n","protected":false},"excerpt":{"rendered":"<p>Nach einer EU Richtline sind die Kommunen in Rhein-Berg verpflichtet, bis zum 18. Juli 2013 einen L\u00e4rmaktionsplan aufzustellen. Hierbei geht es um Umgebungsl\u00e4rm, hervorgerufen durch starken Autoverkehr. Die Kommunen sind dazu verpflichtet wirksame L\u00e4rmschutzma\u00dfnahmen zu erarbeiten. Da die Frankenstra\u00dfe ja an die vielbefahrene Frankenforster Stra\u00dfe grenzt, ist sie auch von diesen L\u00e4rmschutzma\u00dfnahmen betroffen. Quelle: Umgebungsl\u00e4rm [&hellip;]<\/p>\n","protected":false},"author":1,"featured_media":0,"comment_status":"open","ping_status":"open","sticky":false,"template":"","format":"standard","meta":{"ngg_post_thumbnail":0,"footnotes":""},"categories":[1],"tags":[],"class_list":["post-173","post","type-post","status-publish","format-standard","hentry","category-frankenstrasse-allgemeine-infos"],"_links":{"self":[{"href":"http:\/\/www.frankenstrasse.net\/index.php?rest_route=\/wp\/v2\/posts\/173"}],"collection":[{"href":"http:\/\/www.frankenstrasse.net\/index.php?rest_route=\/wp\/v2\/posts"}],"about":[{"href":"http:\/\/www.frankenstrasse.net\/index.php?rest_route=\/wp\/v2\/types\/post"}],"author":[{"embeddable":true,"href":"http:\/\/www.frankenstrasse.net\/index.php?rest_route=\/wp\/v2\/users\/1"}],"replies":[{"embeddable":true,"href":"http:\/\/www.frankenstrasse.net\/index.php?rest_route=%2Fwp%2Fv2%2Fcomments&post=173"}],"version-history":[{"count":1,"href":"http:\/\/www.frankenstrasse.net\/index.php?rest_route=\/wp\/v2\/posts\/173\/revisions"}],"predecessor-version":[{"id":178,"href":"http:\/\/www.frankenstrasse.net\/index.php?rest_route=\/wp\/v2\/posts\/173\/revisions\/178"}],"wp:attachment":[{"href":"http:\/\/www.frankenstrasse.net\/index.php?rest_route=%2Fwp%2Fv2%2Fmedia&parent=173"}],"wp:term":[{"taxonomy":"category","embeddable":true,"href":"http:\/\/www.frankenstrasse.net\/index.php?rest_route=%2Fwp%2Fv2%2Fcategories&post=173"},{"taxonomy":"post_tag","embeddable":true,"href":"http:\/\/www.frankenstrasse.net\/index.php?rest_route=%2Fwp%2Fv2%2Ftags&post=173"}],"curies":[{"name":"wp","href":"https:\/\/api.w.org\/{rel}","templated":true}]}}