{"id":130,"date":"2012-05-14T09:32:15","date_gmt":"2012-05-14T07:32:15","guid":{"rendered":"http:\/\/www.frankenstrasse.net\/?p=130"},"modified":"2012-05-14T09:46:23","modified_gmt":"2012-05-14T07:46:23","slug":"landtagswahl-nrw-2012-so-wahlte-refrath-frankenforst","status":"publish","type":"post","link":"http:\/\/www.frankenstrasse.net\/?p=130","title":{"rendered":"Landtagswahl NRW 2012: So w\u00e4hlte Refrath-Frankenforst"},"content":{"rendered":"<p>Hier die Wahlergebnisse f\u00fcr die Wahlkreise 19.1 bis 19.3 der Landtagswahl NRW 2012:<\/p>\n<p><a href=\"http:\/\/www.frankenstrasse.net\/wp-content\/uploads\/2012\/05\/019-1.jpg\"><img loading=\"lazy\" decoding=\"async\" src=\"http:\/\/www.frankenstrasse.net\/wp-content\/uploads\/2012\/05\/019-1.jpg\" alt=\"\" title=\"019-1\" width=\"500\" height=\"400\" class=\"aligncenter size-full wp-image-138\" srcset=\"http:\/\/www.frankenstrasse.net\/wp-content\/uploads\/2012\/05\/019-1.jpg 500w, http:\/\/www.frankenstrasse.net\/wp-content\/uploads\/2012\/05\/019-1-300x240.jpg 300w\" sizes=\"(max-width: 500px) 100vw, 500px\" \/><\/a><\/p>\n<p><a href=\"http:\/\/www.frankenstrasse.net\/wp-content\/uploads\/2012\/05\/019-2.jpg\"><img loading=\"lazy\" decoding=\"async\" src=\"http:\/\/www.frankenstrasse.net\/wp-content\/uploads\/2012\/05\/019-2.jpg\" alt=\"\" title=\"019-2\" width=\"500\" height=\"400\" class=\"aligncenter size-full wp-image-139\" srcset=\"http:\/\/www.frankenstrasse.net\/wp-content\/uploads\/2012\/05\/019-2.jpg 500w, http:\/\/www.frankenstrasse.net\/wp-content\/uploads\/2012\/05\/019-2-300x240.jpg 300w\" sizes=\"(max-width: 500px) 100vw, 500px\" \/><\/a><\/p>\n<p><a href=\"http:\/\/www.frankenstrasse.net\/wp-content\/uploads\/2012\/05\/019-3.jpg\"><img loading=\"lazy\" decoding=\"async\" src=\"http:\/\/www.frankenstrasse.net\/wp-content\/uploads\/2012\/05\/019-3.jpg\" alt=\"\" title=\"019-3\" width=\"500\" height=\"400\" class=\"aligncenter size-full wp-image-140\" srcset=\"http:\/\/www.frankenstrasse.net\/wp-content\/uploads\/2012\/05\/019-3.jpg 500w, http:\/\/www.frankenstrasse.net\/wp-content\/uploads\/2012\/05\/019-3-300x240.jpg 300w\" sizes=\"(max-width: 500px) 100vw, 500px\" \/><\/a><\/p>\n<table summary=\"Stadt Bergisch Gladbach - Landtagswahl 13.05.2012 - Zusammenstellung der Ergebnisse nach Stimmbezirken - Erststimmen -\" border=\"1\">\n<tr>\n<th width=\"18.181818181818183%\">Stimmbezirk<\/th>\n<th width=\"9.090909090909092%\">Wahlbe-<br \/>\nrechtigte<\/th>\n<th width=\"9.090909090909092%\">W\u00e4hler<\/th>\n<th width=\"9.090909090909092%\">g\u00fcltig<\/th>\n<th width=\"9.090909090909092%\"><acronym title=\"Christlich Demokratische Union Deutschlands\">CDU<\/acronym><\/th>\n<th width=\"9.090909090909092%\"><acronym title=\"Sozialdemokratische Partei Deutschlands\">SPD<\/acronym><\/th>\n<th width=\"9.090909090909092%\"><acronym title=\"B\u00dcNDNIS 90\/DIE GR\u00dcNEN\">GR\u00dcNE<\/acronym><\/th>\n<th width=\"9.090909090909092%\"><acronym title=\"Freie Demokratische Partei\">FDP<\/acronym><\/th>\n<th width=\"9.090909090909092%\"><acronym title=\"DIE LINKE\">DIE LIN-<br \/>\nKE<\/acronym><\/th>\n<th width=\"9.090909090909092%\"><acronym title=\"Piratenpartei Deutschland\">PIRATEN<\/acronym><\/th>\n<\/tr>\n<tbody>\n<tr id=\"6_7962\">\n<td rowspan=\"2\"><strong><a href=\"http:\/\/wahlen.citkomm.de\/LT2012\/05378004\/grafik2067962.htm\">019-1 Refrath-Frankenforst<\/a><\/strong><\/td>\n<td rowspan=\"2\" align=\"right\">1.252<\/td>\n<td align=\"right\">729<\/td>\n<td align=\"right\">725<\/td>\n<td align=\"right\"><strong>274<\/strong><\/td>\n<td align=\"right\">205<\/td>\n<td align=\"right\">119<\/td>\n<td align=\"right\">75<\/td>\n<td align=\"right\">9<\/td>\n<td align=\"right\">43<\/td>\n<\/tr>\n<tr id=\"6_7962_a\">\n<td align=\"right\">58,23 %<\/td>\n<td align=\"right\">99,45 %<\/td>\n<td align=\"right\"><strong>37,79 %<\/strong><\/td>\n<td align=\"right\">28,28 %<\/td>\n<td align=\"right\">16,41 %<\/td>\n<td align=\"right\">10,34 %<\/td>\n<td align=\"right\">1,24 %<\/td>\n<td align=\"right\">5,93 %<\/td>\n<\/tr>\n<tr id=\"6_7963\">\n<td rowspan=\"2\"><strong><a href=\"http:\/\/wahlen.citkomm.de\/LT2012\/05378004\/grafik2067963.htm\">019-2 Refrath-Frankenforst<\/a><\/strong><\/td>\n<td rowspan=\"2\" align=\"right\">1.255<\/td>\n<td align=\"right\">552<\/td>\n<td align=\"right\">546<\/td>\n<td align=\"right\">179<\/td>\n<td align=\"right\"><strong>196<\/strong><\/td>\n<td align=\"right\">82<\/td>\n<td align=\"right\">36<\/td>\n<td align=\"right\">15<\/td>\n<td align=\"right\">38<\/td>\n<\/tr>\n<tr id=\"6_7963_a\">\n<td align=\"right\">43,98 %<\/td>\n<td align=\"right\">98,91 %<\/td>\n<td align=\"right\">32,78 %<\/td>\n<td align=\"right\"><strong>35,90 %<\/strong><\/td>\n<td align=\"right\">15,02 %<\/td>\n<td align=\"right\">6,59 %<\/td>\n<td align=\"right\">2,75 %<\/td>\n<td align=\"right\">6,96 %<\/td>\n<\/tr>\n<tr id=\"6_7964\">\n<td rowspan=\"2\"><strong><a href=\"http:\/\/wahlen.citkomm.de\/LT2012\/05378004\/grafik2067964.htm\">019-3 Refrath-Frankenforst<\/a><\/strong><\/td>\n<td rowspan=\"2\" align=\"right\">1.298<\/td>\n<td align=\"right\">568<\/td>\n<td align=\"right\">564<\/td>\n<td align=\"right\">157<\/td>\n<td align=\"right\"><strong>233<\/strong><\/td>\n<td align=\"right\">77<\/td>\n<td align=\"right\">28<\/td>\n<td align=\"right\">21<\/td>\n<td align=\"right\">48<\/td>\n<\/tr>\n<tr id=\"6_7964_a\">\n<td align=\"right\">43,76 %<\/td>\n<td align=\"right\">99,30 %<\/td>\n<td align=\"right\">27,84 %<\/td>\n<td align=\"right\"><strong>41,31 %<\/strong><\/td>\n<td align=\"right\">13,65 %<\/td>\n<td align=\"right\">4,96 %<\/td>\n<td align=\"right\">3,72 %<\/td>\n<td align=\"right\">8,51 %<\/td>\n<\/tr>\n<\/tbody>\n<\/table>\n<p>Quelle: <a href=\"http:\/\/wahlen.citkomm.de\/LT2012\/05378004\/index_grafik2032.htm\">Citkomm<\/a><\/p>\n<p>&nbsp;<\/p>\n","protected":false},"excerpt":{"rendered":"<p>Hier die Wahlergebnisse f\u00fcr die Wahlkreise 19.1 bis 19.3 der Landtagswahl NRW 2012: Stimmbezirk Wahlbe- rechtigte W\u00e4hler g\u00fcltig CDU SPD GR\u00dcNE FDP DIE LIN- KE PIRATEN 019-1 Refrath-Frankenforst 1.252 729 725 274 205 119 75 9 43 58,23 % 99,45 % 37,79 % 28,28 % 16,41 % 10,34 % 1,24 % 5,93 % 019-2 Refrath-Frankenforst [&hellip;]<\/p>\n","protected":false},"author":1,"featured_media":0,"comment_status":"open","ping_status":"open","sticky":false,"template":"","format":"standard","meta":{"ngg_post_thumbnail":0,"footnotes":""},"categories":[1],"tags":[],"class_list":["post-130","post","type-post","status-publish","format-standard","hentry","category-frankenstrasse-allgemeine-infos"],"_links":{"self":[{"href":"http:\/\/www.frankenstrasse.net\/index.php?rest_route=\/wp\/v2\/posts\/130"}],"collection":[{"href":"http:\/\/www.frankenstrasse.net\/index.php?rest_route=\/wp\/v2\/posts"}],"about":[{"href":"http:\/\/www.frankenstrasse.net\/index.php?rest_route=\/wp\/v2\/types\/post"}],"author":[{"embeddable":true,"href":"http:\/\/www.frankenstrasse.net\/index.php?rest_route=\/wp\/v2\/users\/1"}],"replies":[{"embeddable":true,"href":"http:\/\/www.frankenstrasse.net\/index.php?rest_route=%2Fwp%2Fv2%2Fcomments&post=130"}],"version-history":[{"count":9,"href":"http:\/\/www.frankenstrasse.net\/index.php?rest_route=\/wp\/v2\/posts\/130\/revisions"}],"predecessor-version":[{"id":142,"href":"http:\/\/www.frankenstrasse.net\/index.php?rest_route=\/wp\/v2\/posts\/130\/revisions\/142"}],"wp:attachment":[{"href":"http:\/\/www.frankenstrasse.net\/index.php?rest_route=%2Fwp%2Fv2%2Fmedia&parent=130"}],"wp:term":[{"taxonomy":"category","embeddable":true,"href":"http:\/\/www.frankenstrasse.net\/index.php?rest_route=%2Fwp%2Fv2%2Fcategories&post=130"},{"taxonomy":"post_tag","embeddable":true,"href":"http:\/\/www.frankenstrasse.net\/index.php?rest_route=%2Fwp%2Fv2%2Ftags&post=130"}],"curies":[{"name":"wp","href":"https:\/\/api.w.org\/{rel}","templated":true}]}}